{"id":323,"date":"2026-03-04T08:28:14","date_gmt":"2026-03-04T08:28:14","guid":{"rendered":"https:\/\/wikwiat.com\/?p=323"},"modified":"2026-03-04T08:28:15","modified_gmt":"2026-03-04T08:28:15","slug":"journee-dechanges-tourisme-et-biodiversite","status":"publish","type":"post","link":"https:\/\/wikwiat.com\/en\/journee-dechanges-tourisme-et-biodiversite\/","title":{"rendered":"Journ\u00e9e d\u2019\u00e9changes : tourisme et biodiversit\u00e9"},"content":{"rendered":"<div class=\"wp-block-columns is-layout-flex wp-container-core-columns-is-layout-28f84493 wp-block-columns-is-layout-flex\">\n<div class=\"wp-block-column is-layout-flow wp-block-column-is-layout-flow\">\n<p><strong>Date : 21 septembre 2026<\/strong><br><\/p>\n<\/div>\n\n\n\n<div class=\"wp-block-column is-layout-flow wp-block-column-is-layout-flow\">\n<p class=\"has-text-align-right\"><strong>Lieu : Parc national du Mercantour<\/strong><\/p>\n<\/div>\n<\/div>\n\n\n<figure class=\"wp-block-post-featured-image\"><img loading=\"lazy\" decoding=\"async\" width=\"1707\" height=\"2560\" src=\"https:\/\/wikwiat.com\/wp-content\/uploads\/2026\/03\/pexels-eberhardgross-1743373-scaled.jpg\" class=\"attachment-post-thumbnail size-post-thumbnail wp-post-image\" alt=\"\" style=\"object-fit:cover;\" srcset=\"https:\/\/wikwiat.com\/wp-content\/uploads\/2026\/03\/pexels-eberhardgross-1743373-scaled.jpg 1707w, https:\/\/wikwiat.com\/wp-content\/uploads\/2026\/03\/pexels-eberhardgross-1743373-200x300.jpg 200w, https:\/\/wikwiat.com\/wp-content\/uploads\/2026\/03\/pexels-eberhardgross-1743373-683x1024.jpg 683w, https:\/\/wikwiat.com\/wp-content\/uploads\/2026\/03\/pexels-eberhardgross-1743373-768x1152.jpg 768w, https:\/\/wikwiat.com\/wp-content\/uploads\/2026\/03\/pexels-eberhardgross-1743373-1024x1536.jpg 1024w, https:\/\/wikwiat.com\/wp-content\/uploads\/2026\/03\/pexels-eberhardgross-1743373-1365x2048.jpg 1365w, https:\/\/wikwiat.com\/wp-content\/uploads\/2026\/03\/pexels-eberhardgross-1743373-8x12.jpg 8w\" sizes=\"auto, (max-width: 1707px) 100vw, 1707px\" \/><\/figure>\n\n\n<p>La relation entre tourisme et pr\u00e9servation de la biodiversit\u00e9 est au c\u0153ur de cette journ\u00e9e d\u2019\u00e9changes organis\u00e9e en partenariat avec les acteurs locaux du territoire. H\u00e9bergeurs, scientifiques, gestionnaires d\u2019espaces naturels et professionnels du tourisme se r\u00e9uniront pour r\u00e9fl\u00e9chir aux pratiques permettant de concilier accueil des visiteurs et protection des milieux naturels.<\/p>\n\n\n\n<p>Au programme : conf\u00e9rences, pr\u00e9sentations de projets exemplaires et discussions autour des enjeux futurs du tourisme en milieu naturel.<\/p>\n\n\n\n<p>Cette rencontre s\u2019inscrit pleinement dans la d\u00e9marche port\u00e9e par TERRA PACA : promouvoir des initiatives respectueuses des paysages et des \u00e9cosyst\u00e8mes.<\/p>","protected":false},"excerpt":{"rendered":"<p>Date : 21 septembre 2026 Lieu : Parc national du Mercantour La relation entre tourisme et pr\u00e9servation de la biodiversit\u00e9 est au c\u0153ur de cette journ\u00e9e d\u2019\u00e9changes organis\u00e9e en partenariat avec les acteurs locaux du territoire. H\u00e9bergeurs, scientifiques, gestionnaires d\u2019espaces naturels et professionnels du tourisme se r\u00e9uniront pour r\u00e9fl\u00e9chir aux pratiques permettant de concilier accueil [&hellip;]<\/p>\n","protected":false},"author":1,"featured_media":309,"comment_status":"open","ping_status":"open","sticky":false,"template":"","format":"standard","meta":{"footnotes":""},"categories":[42,39,30,40,38,28,32,41,36],"tags":[],"class_list":["post-323","post","type-post","status-publish","format-standard","has-post-thumbnail","hentry","category-biodiversite","category-conference","category-developpement-durable","category-dialogue","category-echange","category-ecologique","category-paysage","category-protection","category-territoire"],"aioseo_notices":[],"_links":{"self":[{"href":"https:\/\/wikwiat.com\/en\/wp-json\/wp\/v2\/posts\/323","targetHints":{"allow":["GET"]}}],"collection":[{"href":"https:\/\/wikwiat.com\/en\/wp-json\/wp\/v2\/posts"}],"about":[{"href":"https:\/\/wikwiat.com\/en\/wp-json\/wp\/v2\/types\/post"}],"author":[{"embeddable":true,"href":"https:\/\/wikwiat.com\/en\/wp-json\/wp\/v2\/users\/1"}],"replies":[{"embeddable":true,"href":"https:\/\/wikwiat.com\/en\/wp-json\/wp\/v2\/comments?post=323"}],"version-history":[{"count":1,"href":"https:\/\/wikwiat.com\/en\/wp-json\/wp\/v2\/posts\/323\/revisions"}],"predecessor-version":[{"id":324,"href":"https:\/\/wikwiat.com\/en\/wp-json\/wp\/v2\/posts\/323\/revisions\/324"}],"wp:featuredmedia":[{"embeddable":true,"href":"https:\/\/wikwiat.com\/en\/wp-json\/wp\/v2\/media\/309"}],"wp:attachment":[{"href":"https:\/\/wikwiat.com\/en\/wp-json\/wp\/v2\/media?parent=323"}],"wp:term":[{"taxonomy":"category","embeddable":true,"href":"https:\/\/wikwiat.com\/en\/wp-json\/wp\/v2\/categories?post=323"},{"taxonomy":"post_tag","embeddable":true,"href":"https:\/\/wikwiat.com\/en\/wp-json\/wp\/v2\/tags?post=323"}],"curies":[{"name":"wp","href":"https:\/\/api.w.org\/{rel}","templated":true}]}}